{"id":1249,"date":"2016-03-19T17:33:24","date_gmt":"2016-03-19T16:33:24","guid":{"rendered":"http:\/\/www.gm-games.de\/BeidlNetV3\/?p=1249"},"modified":"2016-03-19T17:33:24","modified_gmt":"2016-03-19T16:33:24","slug":"generalversammlung-der-jffw-beidl","status":"publish","type":"post","link":"http:\/\/www.gm-games.de\/BeidlNetV3\/?p=1249","title":{"rendered":"Generalversammlung der JFFW Beidl"},"content":{"rendered":"<p style=\"text-align: justify;\"><span style=\"color: #000000; font-family: Calibri; font-size: medium;\">Die Jugendfeuerwehr Beidl\/Sch\u00f6nficht hielt letzten Freitag ihre\u00a0Jahreshauptversammlung ab. Jugendwart Markus Ziegler konnte\u00a0neben den\u00a024 Jugendfeuerwehrlern den\u00a0ersten Kommandanten der Feuerwehr Beidl Michael Vollath, den\u00a0ersten Vorstand Martin Sch\u00f6n, sowie ersten und zweiten Kommandanten der Feuerwehr Sch\u00f6nficht Armin Kellermann und Hansj\u00f6rg Sch\u00f6n begr\u00fc\u00dfen.\u00a0Hinzu kamen im Rahmen der Neuaufnahmen\u00a0sechs Jugendliche im Alter von 12 Jahren die sich f\u00fcr die Jugendfeuerwehr interessieren und aufgenommen werden wollten. In seinem Bericht ging Ziegler auf die Aktivit\u00e4ten im vergangenen Jahr ein. Im Einzelnen auf die Pr\u00fcfungen der Jugendflamme Stufe 2 und Jugendflamme Stufe 3. H\u00f6hepunkt war aber die Fahrt in die Partnergemeinde des Marktes Pl\u00f6\u00dfberg\u00a0nach\u00a0Polen. Dort wurde gemeinsam mit B\u00fcrgermeister M\u00fcller die Partnerschaft vertieft, und viele Vorurteile abgebaut. Anschlie\u00dfend gab\u00a0Ziegler noch einen Ausblick auf das\u00a0kommende Jahr und die geplanten Aktivit\u00e4ten. Nach dem Bericht des Jugendwartes folgte Kassierin Alena Sch\u00f6n und legte den Kassenbericht vor. Nach Abschluss der Berichte stand noch die Wahl des neuen Jugendsprechers auf dem Programm. Vorgeschlagen und im Anschluss einstimmig gew\u00e4hlt wurde Johannes Wein. Zum Abschluss der Sitzung wurde noch ein Film \u00fcber die 24 Stunden Feuerwehrschicht gezeigt.<\/span><\/p>\n","protected":false},"excerpt":{"rendered":"<p>Die Jugendfeuerwehr Beidl\/Sch\u00f6nficht hielt letzten Freitag ihre\u00a0Jahreshauptversammlung ab. Jugendwart Markus Ziegler konnte\u00a0neben den\u00a024 Jugendfeuerwehrlern den\u00a0ersten Kommandanten der Feuerwehr Beidl Michael Vollath, den\u00a0ersten Vorstand Martin Sch\u00f6n, &hellip;<\/p>\n","protected":false},"author":1,"featured_media":0,"comment_status":"open","ping_status":"open","sticky":false,"template":"","format":"standard","meta":{"ngg_post_thumbnail":0,"footnotes":""},"categories":[2],"tags":[],"class_list":["post-1249","post","type-post","status-publish","format-standard","hentry","category-freiwillige-feuerwehr"],"_links":{"self":[{"href":"http:\/\/www.gm-games.de\/BeidlNetV3\/index.php?rest_route=\/wp\/v2\/posts\/1249","targetHints":{"allow":["GET"]}}],"collection":[{"href":"http:\/\/www.gm-games.de\/BeidlNetV3\/index.php?rest_route=\/wp\/v2\/posts"}],"about":[{"href":"http:\/\/www.gm-games.de\/BeidlNetV3\/index.php?rest_route=\/wp\/v2\/types\/post"}],"author":[{"embeddable":true,"href":"http:\/\/www.gm-games.de\/BeidlNetV3\/index.php?rest_route=\/wp\/v2\/users\/1"}],"replies":[{"embeddable":true,"href":"http:\/\/www.gm-games.de\/BeidlNetV3\/index.php?rest_route=%2Fwp%2Fv2%2Fcomments&post=1249"}],"version-history":[{"count":1,"href":"http:\/\/www.gm-games.de\/BeidlNetV3\/index.php?rest_route=\/wp\/v2\/posts\/1249\/revisions"}],"predecessor-version":[{"id":1250,"href":"http:\/\/www.gm-games.de\/BeidlNetV3\/index.php?rest_route=\/wp\/v2\/posts\/1249\/revisions\/1250"}],"wp:attachment":[{"href":"http:\/\/www.gm-games.de\/BeidlNetV3\/index.php?rest_route=%2Fwp%2Fv2%2Fmedia&parent=1249"}],"wp:term":[{"taxonomy":"category","embeddable":true,"href":"http:\/\/www.gm-games.de\/BeidlNetV3\/index.php?rest_route=%2Fwp%2Fv2%2Fcategories&post=1249"},{"taxonomy":"post_tag","embeddable":true,"href":"http:\/\/www.gm-games.de\/BeidlNetV3\/index.php?rest_route=%2Fwp%2Fv2%2Ftags&post=1249"}],"curies":[{"name":"wp","href":"https:\/\/api.w.org\/{rel}","templated":true}]}}