{"id":2398,"date":"2023-01-23T14:02:46","date_gmt":"2023-01-23T13:02:46","guid":{"rendered":"http:\/\/www.gm-games.de\/BeidlNetV3\/?p=2398"},"modified":"2023-01-23T14:02:46","modified_gmt":"2023-01-23T13:02:46","slug":"generalversammlung-der-freiwilligen-feuerwehr-2023","status":"publish","type":"post","link":"http:\/\/www.gm-games.de\/BeidlNetV3\/?p=2398","title":{"rendered":"Generalversammlung der Freiwilligen Feuerwehr 2023"},"content":{"rendered":"\n<figure class=\"wp-block-image size-large\"><a href=\"http:\/\/www.gm-games.de\/BeidlNetV3\/wp-content\/uploads\/2023\/01\/01_20230121_214346-1.jpg\"><img loading=\"lazy\" decoding=\"async\" width=\"877\" height=\"1024\" src=\"http:\/\/www.gm-games.de\/BeidlNetV3\/wp-content\/uploads\/2023\/01\/01_20230121_214346-1-877x1024.jpg\" alt=\"\" class=\"wp-image-2399\" srcset=\"http:\/\/www.gm-games.de\/BeidlNetV3\/wp-content\/uploads\/2023\/01\/01_20230121_214346-1-877x1024.jpg 877w, http:\/\/www.gm-games.de\/BeidlNetV3\/wp-content\/uploads\/2023\/01\/01_20230121_214346-1-257x300.jpg 257w, http:\/\/www.gm-games.de\/BeidlNetV3\/wp-content\/uploads\/2023\/01\/01_20230121_214346-1-768x896.jpg 768w, http:\/\/www.gm-games.de\/BeidlNetV3\/wp-content\/uploads\/2023\/01\/01_20230121_214346-1-1316x1536.jpg 1316w, http:\/\/www.gm-games.de\/BeidlNetV3\/wp-content\/uploads\/2023\/01\/01_20230121_214346-1-1755x2048.jpg 1755w, http:\/\/www.gm-games.de\/BeidlNetV3\/wp-content\/uploads\/2023\/01\/01_20230121_214346-1.jpg 2046w\" sizes=\"auto, (max-width: 877px) 100vw, 877px\" \/><\/a><figcaption>von Links: Christian Kulzer bisheriger Vorstand, Edi Helm als Gruppenf\u00fchrer ausgeschieden, Josef Busl neues Ehrenmitglied bei der Feuerwehr, Florian Adam neuer Vorstand, Josef und Hans Reichl beide wegen erreichen der Altersgrenze aus dem aktiven Dienst ausgeschieden.<br>   <\/figcaption><\/figure>\n\n\n\n<p>Endlich wieder Feuerwehrgeneralversammlung im Januar. So hie\u00df es am letzten Samstag bei der Feuerwehr Beidl. Die Vorstandschaft der Freiwilligen Feuerwehr Beidl hatte zu ihrer Jahreshauptversammlung ins Pfarrheim eingeladen. Zuvor besuchten die Feuerwehrler gemeinsam den Gottesdienst in der Pfarrkirche in Beidl. Pfarrer Thomas Thiermann w\u00fcnschte hier zum Schluss des Gottesdienstes der Feuerwehr eine harmonische Versammlung. Im Pfarrheim wurde die Jahreshauptversammlung durch 1. Vorstand Christian Kulzer er\u00f6ffnet. Traditionell gibt es zu Beginn eine Brotzeit. Im Anschluss wurde die Versammlung fortgesetzt und das Wort wurde an Kommandanten Michael Vollath \u00fcbergeben. Er berichtete von 15 kleineren und gr\u00f6\u00dferen Eins\u00e4tzen. Mehrere \u00d6lspuren und auch spektakul\u00e4re Eins\u00e4tzen wie ein Traktorgespann das Feuer gefangen hatte und \u00fcber mehrere Kilometer brennendes Heu verloren hatte. Hier kamen das erste Mal die L\u00f6schrucks\u00e4cke zum Einsatz. Des Weiteren berichtete der Kommandant von einem Schulungstag zur Wald- und Vegitationsbrandbek\u00e4mpfung, die von der Feuerwehr Beidl organisiert wurde und mit den gemeindlichen Feuerwehren durchgef\u00fchrt wurde. Hier planen die Beidler f\u00fcr heuer eine Schulung der eigenen Aktiven. In seinen Abschlussworten dankte Michael Vollath allen die zu Eins\u00e4tzen und \u00dcbungen kommen. Nach dem Kommandantenbericht folgte der Bericht des Schriftf\u00fchrers. David Sch\u00f6n berichtete von zahlreichen Aktivit\u00e4ten der Feuerwehr Beidl, der Florianstag in Sch\u00f6nficht, der italienische Abend mit Gartenfest in Beidl und der Unterst\u00fctzung bei der Dorfweihnacht in Beidl. Es folgte der Bericht von Jugendwart Markus Ziegler. Ziegler berichtete von der Durchf\u00fchrung der Jugendflamme und vom H\u00f6hepunkt des Jahres, dem Jugendleistungsmarsch, der heuer in Beidl stattfand. Hier konnte eine Gruppe des Jugendfeuerwehr Beidl\/Sch\u00f6nficht den Titel verteidigen und holte den ersten Platz. Vier weitere Gruppen waren unter den ersten 12 Mannschaften. Zum Abschuss des Jahres konnte wieder der schon zur Tradition gewordene Zoigl durchgef\u00fchrt werden. Dieser war wieder ein gro\u00dfer Erfolg und Ziegler bedankte sich bei den Jugendlichen f\u00fcr die sehr gute Arbeit. Geplant hat Jugendwart Markus Ziegler f\u00fcr heuer eine Fahrt nach Rust, die Teilnahme an der bayrisch Jugendspange, am Jugendleistungsmarsch und am CTIF Wettbewerb der heuer in Oberbayern stattfindet. Es folgte der Bericht von Kassier Sebastian Lindner. Leider war letzte Jahr ein kleines Minus entstanden. Es wurde aber auf Grund der Gr\u00f6\u00dferen Investition mit dem Bau der Unterstellhalle, mit einem Minus gerechnet. Dieses fiel wegen der guten Einnahme Situation durch den italienischen Abend und des Gartenfestes gering aus. Im Anschluss folgte der Bericht der Kassenpr\u00fcfer. Hubert Schw\u00e4gerl attestierte dem Kassier eine einwandfreie Kassenf\u00fchrung und bat um die Entlastung der Vorstandschaft. Die Einstimmig entlastet wurde. Nach den Berichten schob 1. Vorstand Christian Kulzer einen Punkt ein und bat Josef Busl nach vorne. Busl hatte in den letzten Jahren als \u201eBauleiter\u201c beim Bau des Carports, des Backofens und der Unterstellhalle fungiert, ohne ihn w\u00e4ren diese Bauma\u00dfnahmen der Feuerwehr nicht m\u00f6glich gewesen. Auch heute ist er noch im Einsatz wenn es ums Brotbacken geht. Kulzer schlug vor Josef Busl zum Ehrenmitglied zu ernennen, Die Versammlung stimmte einstimmig zu. Der Vorstand \u00fcbergab die Ernennungsurkunde an Josef Busl. Es Folgten die Neuwahlen. Christian Kulzer stellte sich nicht mehr zur Wahl, als sein Nachfolger wurde Florian Adam gew\u00e4hlt, als stellvertretenden Vorstand wurde Alfons Glei\u00dfner wiedergew\u00e4hlt. Auch Kassier Sebastian Lindner, Schriftf\u00fchrer David Sch\u00f6n und die Kassenpr\u00fcfer Hubert Schw\u00e4ger und Josef H\u00f6cht wurden wiedergew\u00e4hlt. Im Anschluss dankte B\u00fcrgermeister Lothar M\u00fcller der Feuerwehr Beidl f\u00fcr ihre Arbeit im vergangenen Jahr und gratulierte den Neu- und Wiedergew\u00e4hlten. Auch er erinnerte an den brennenden Heuwagen und erinnerte sich das er an dem Tag mit dem Rad nach Pl\u00f6\u00dfberg fuhr und an der durch die Beidl Feuerwehr abgesperrten Stra\u00dfe kam, und von Kommandanten Michael Vollath gesagt bekam \u201eschau dir am besten selber an\u201c. Im Anschluss verlass Kulzer noch die Planung f\u00fcr 2023, hier ist der italienische Abend mit Sicherheit wieder einer der H\u00f6hepunkte. Abschlie\u00dfend bedankte sich Michael Vollath beim ausgeschiedenen 1. Vorstand f\u00fcr die sechs Jahre im Amt und \u00fcbereichte ein Geschenk, des Weiteren wurde Edi Helm ein Geschenk \u00fcbereicht, er war sechs Jahre Gruppenf\u00fchrer und Josef und Hans Reichl bekamen einen Gutschein f\u00fcr den italienischen Abend und wurden aus dem aktiven Dienst altersbedingt verabschiedet. Gegen 21:30 Uhr beendete Kulzer den Versammlung und w\u00fcnschte einen noch ein paar sch\u00f6ne Stunden im Pfarrheim und einen guten Nachhausweg.<\/p>\n\n\n\n<figure class=\"wp-block-image size-large\"><a href=\"http:\/\/www.gm-games.de\/BeidlNetV3\/wp-content\/uploads\/2023\/01\/02_20230121_214515-1-scaled.jpg\"><img loading=\"lazy\" decoding=\"async\" width=\"1024\" height=\"1019\" src=\"http:\/\/www.gm-games.de\/BeidlNetV3\/wp-content\/uploads\/2023\/01\/02_20230121_214515-1-1024x1019.jpg\" alt=\"\" class=\"wp-image-2400\" srcset=\"http:\/\/www.gm-games.de\/BeidlNetV3\/wp-content\/uploads\/2023\/01\/02_20230121_214515-1-1024x1019.jpg 1024w, http:\/\/www.gm-games.de\/BeidlNetV3\/wp-content\/uploads\/2023\/01\/02_20230121_214515-1-300x300.jpg 300w, http:\/\/www.gm-games.de\/BeidlNetV3\/wp-content\/uploads\/2023\/01\/02_20230121_214515-1-150x150.jpg 150w, http:\/\/www.gm-games.de\/BeidlNetV3\/wp-content\/uploads\/2023\/01\/02_20230121_214515-1-768x764.jpg 768w, http:\/\/www.gm-games.de\/BeidlNetV3\/wp-content\/uploads\/2023\/01\/02_20230121_214515-1-1536x1529.jpg 1536w, http:\/\/www.gm-games.de\/BeidlNetV3\/wp-content\/uploads\/2023\/01\/02_20230121_214515-1-2048x2039.jpg 2048w, http:\/\/www.gm-games.de\/BeidlNetV3\/wp-content\/uploads\/2023\/01\/02_20230121_214515-1-301x300.jpg 301w\" sizes=\"auto, (max-width: 1024px) 100vw, 1024px\" \/><\/a><figcaption>Die Vorstandschaft von links mit B\u00fcrgermeister Lothar M\u00fcller, David Sch\u00f6n (Schriftf\u00fchrer), Florian Adam (neuer Vorstand), Christian Kulzer (bisheriger Vorstand).Sebastian Lindner (Kassier) und Hubert Schw\u00e4gerl Kassenr\u00fcfer. <\/figcaption><\/figure>\n\n\n\n<figure class=\"wp-block-image size-large\"><a href=\"http:\/\/www.gm-games.de\/BeidlNetV3\/wp-content\/uploads\/2023\/01\/IMG_7948-scaled.jpg\"><img loading=\"lazy\" decoding=\"async\" width=\"1024\" height=\"768\" src=\"http:\/\/www.gm-games.de\/BeidlNetV3\/wp-content\/uploads\/2023\/01\/IMG_7948-1024x768.jpg\" alt=\"\" class=\"wp-image-2401\" srcset=\"http:\/\/www.gm-games.de\/BeidlNetV3\/wp-content\/uploads\/2023\/01\/IMG_7948-1024x768.jpg 1024w, http:\/\/www.gm-games.de\/BeidlNetV3\/wp-content\/uploads\/2023\/01\/IMG_7948-300x225.jpg 300w, http:\/\/www.gm-games.de\/BeidlNetV3\/wp-content\/uploads\/2023\/01\/IMG_7948-768x576.jpg 768w, http:\/\/www.gm-games.de\/BeidlNetV3\/wp-content\/uploads\/2023\/01\/IMG_7948-1536x1152.jpg 1536w, http:\/\/www.gm-games.de\/BeidlNetV3\/wp-content\/uploads\/2023\/01\/IMG_7948-2048x1536.jpg 2048w, http:\/\/www.gm-games.de\/BeidlNetV3\/wp-content\/uploads\/2023\/01\/IMG_7948-400x300.jpg 400w\" sizes=\"auto, (max-width: 1024px) 100vw, 1024px\" \/><\/a><figcaption>Generalversammlung der Freiwilligen Feuerwehr am 21.01.2023 im Pfarrheim.<\/figcaption><\/figure>\n\n\n\n<figure class=\"wp-block-image size-large\"><a href=\"http:\/\/www.gm-games.de\/BeidlNetV3\/wp-content\/uploads\/2023\/01\/IMG_7949-scaled.jpg\"><img loading=\"lazy\" decoding=\"async\" width=\"1024\" height=\"768\" src=\"http:\/\/www.gm-games.de\/BeidlNetV3\/wp-content\/uploads\/2023\/01\/IMG_7949-1024x768.jpg\" alt=\"\" class=\"wp-image-2402\" srcset=\"http:\/\/www.gm-games.de\/BeidlNetV3\/wp-content\/uploads\/2023\/01\/IMG_7949-1024x768.jpg 1024w, http:\/\/www.gm-games.de\/BeidlNetV3\/wp-content\/uploads\/2023\/01\/IMG_7949-300x225.jpg 300w, http:\/\/www.gm-games.de\/BeidlNetV3\/wp-content\/uploads\/2023\/01\/IMG_7949-768x576.jpg 768w, http:\/\/www.gm-games.de\/BeidlNetV3\/wp-content\/uploads\/2023\/01\/IMG_7949-1536x1152.jpg 1536w, http:\/\/www.gm-games.de\/BeidlNetV3\/wp-content\/uploads\/2023\/01\/IMG_7949-2048x1536.jpg 2048w, http:\/\/www.gm-games.de\/BeidlNetV3\/wp-content\/uploads\/2023\/01\/IMG_7949-400x300.jpg 400w\" sizes=\"auto, (max-width: 1024px) 100vw, 1024px\" \/><\/a><figcaption>Josef Busl bei der Entgegennahme der Urkunde zur Ernennung als Ehrenmitglied durch Kommandant Michael Vollath und (noch) Vorstand Christian Kulzer.<\/figcaption><\/figure>\n","protected":false},"excerpt":{"rendered":"<p>Endlich wieder Feuerwehrgeneralversammlung im Januar. So hie\u00df es am letzten Samstag bei der Feuerwehr Beidl. Die Vorstandschaft der Freiwilligen Feuerwehr Beidl hatte zu ihrer Jahreshauptversammlung &hellip;<\/p>\n","protected":false},"author":2,"featured_media":0,"comment_status":"closed","ping_status":"closed","sticky":false,"template":"","format":"standard","meta":{"ngg_post_thumbnail":0,"footnotes":""},"categories":[2],"tags":[],"class_list":["post-2398","post","type-post","status-publish","format-standard","hentry","category-freiwillige-feuerwehr"],"_links":{"self":[{"href":"http:\/\/www.gm-games.de\/BeidlNetV3\/index.php?rest_route=\/wp\/v2\/posts\/2398","targetHints":{"allow":["GET"]}}],"collection":[{"href":"http:\/\/www.gm-games.de\/BeidlNetV3\/index.php?rest_route=\/wp\/v2\/posts"}],"about":[{"href":"http:\/\/www.gm-games.de\/BeidlNetV3\/index.php?rest_route=\/wp\/v2\/types\/post"}],"author":[{"embeddable":true,"href":"http:\/\/www.gm-games.de\/BeidlNetV3\/index.php?rest_route=\/wp\/v2\/users\/2"}],"replies":[{"embeddable":true,"href":"http:\/\/www.gm-games.de\/BeidlNetV3\/index.php?rest_route=%2Fwp%2Fv2%2Fcomments&post=2398"}],"version-history":[{"count":1,"href":"http:\/\/www.gm-games.de\/BeidlNetV3\/index.php?rest_route=\/wp\/v2\/posts\/2398\/revisions"}],"predecessor-version":[{"id":2403,"href":"http:\/\/www.gm-games.de\/BeidlNetV3\/index.php?rest_route=\/wp\/v2\/posts\/2398\/revisions\/2403"}],"wp:attachment":[{"href":"http:\/\/www.gm-games.de\/BeidlNetV3\/index.php?rest_route=%2Fwp%2Fv2%2Fmedia&parent=2398"}],"wp:term":[{"taxonomy":"category","embeddable":true,"href":"http:\/\/www.gm-games.de\/BeidlNetV3\/index.php?rest_route=%2Fwp%2Fv2%2Fcategories&post=2398"},{"taxonomy":"post_tag","embeddable":true,"href":"http:\/\/www.gm-games.de\/BeidlNetV3\/index.php?rest_route=%2Fwp%2Fv2%2Ftags&post=2398"}],"curies":[{"name":"wp","href":"https:\/\/api.w.org\/{rel}","templated":true}]}}