{"id":3902,"date":"2024-06-05T10:37:04","date_gmt":"2024-06-05T08:37:04","guid":{"rendered":"http:\/\/www.gm-games.de\/BeidlNetV3\/?p=3902"},"modified":"2024-08-09T08:33:33","modified_gmt":"2024-08-09T06:33:33","slug":"ehrenabend-des-owv-beidl-anlaesslich-des-50-jaehrigen-bestehens","status":"publish","type":"post","link":"http:\/\/www.gm-games.de\/BeidlNetV3\/?p=3902","title":{"rendered":"Ehrenabend des OWV-Beidl anl\u00e4sslich des 50 J\u00e4hrigen bestehens"},"content":{"rendered":"\n<figure class=\"wp-block-image size-medium\"><a href=\"http:\/\/www.gm-games.de\/BeidlNetV3\/wp-content\/uploads\/2024\/06\/24-06-01-die-Geehrten-105_1272-scaled.jpg\"><img loading=\"lazy\" decoding=\"async\" width=\"300\" height=\"200\" src=\"http:\/\/www.gm-games.de\/BeidlNetV3\/wp-content\/uploads\/2024\/06\/24-06-01-die-Geehrten-105_1272-300x200.jpg\" alt=\"\" class=\"wp-image-3903\" srcset=\"http:\/\/www.gm-games.de\/BeidlNetV3\/wp-content\/uploads\/2024\/06\/24-06-01-die-Geehrten-105_1272-300x200.jpg 300w, http:\/\/www.gm-games.de\/BeidlNetV3\/wp-content\/uploads\/2024\/06\/24-06-01-die-Geehrten-105_1272-1024x683.jpg 1024w, http:\/\/www.gm-games.de\/BeidlNetV3\/wp-content\/uploads\/2024\/06\/24-06-01-die-Geehrten-105_1272-768x512.jpg 768w, http:\/\/www.gm-games.de\/BeidlNetV3\/wp-content\/uploads\/2024\/06\/24-06-01-die-Geehrten-105_1272-1536x1024.jpg 1536w, http:\/\/www.gm-games.de\/BeidlNetV3\/wp-content\/uploads\/2024\/06\/24-06-01-die-Geehrten-105_1272-2048x1365.jpg 2048w, http:\/\/www.gm-games.de\/BeidlNetV3\/wp-content\/uploads\/2024\/06\/24-06-01-die-Geehrten-105_1272-421x281.jpg 421w\" sizes=\"auto, (max-width: 300px) 100vw, 300px\" \/><\/a><\/figure>\n\n\n\n<p>Ehrungen f\u00fcr langj\u00e4hrige Mitgliedschaft 10, 25 und 40 Jahre.<\/p>\n\n\n\n<figure class=\"wp-block-image size-medium\"><a href=\"http:\/\/www.gm-games.de\/BeidlNetV3\/wp-content\/uploads\/2024\/06\/24-06-01-die-Geehrten-in-Anerkennung-105_1263-scaled.jpg\"><img loading=\"lazy\" decoding=\"async\" width=\"300\" height=\"200\" src=\"http:\/\/www.gm-games.de\/BeidlNetV3\/wp-content\/uploads\/2024\/06\/24-06-01-die-Geehrten-in-Anerkennung-105_1263-300x200.jpg\" alt=\"\" class=\"wp-image-3905\" srcset=\"http:\/\/www.gm-games.de\/BeidlNetV3\/wp-content\/uploads\/2024\/06\/24-06-01-die-Geehrten-in-Anerkennung-105_1263-300x200.jpg 300w, http:\/\/www.gm-games.de\/BeidlNetV3\/wp-content\/uploads\/2024\/06\/24-06-01-die-Geehrten-in-Anerkennung-105_1263-1024x683.jpg 1024w, http:\/\/www.gm-games.de\/BeidlNetV3\/wp-content\/uploads\/2024\/06\/24-06-01-die-Geehrten-in-Anerkennung-105_1263-768x512.jpg 768w, http:\/\/www.gm-games.de\/BeidlNetV3\/wp-content\/uploads\/2024\/06\/24-06-01-die-Geehrten-in-Anerkennung-105_1263-1536x1024.jpg 1536w, http:\/\/www.gm-games.de\/BeidlNetV3\/wp-content\/uploads\/2024\/06\/24-06-01-die-Geehrten-in-Anerkennung-105_1263-2048x1365.jpg 2048w, http:\/\/www.gm-games.de\/BeidlNetV3\/wp-content\/uploads\/2024\/06\/24-06-01-die-Geehrten-in-Anerkennung-105_1263-421x281.jpg 421w\" sizes=\"auto, (max-width: 300px) 100vw, 300px\" \/><\/a><\/figure>\n\n\n\n<p>Ehrungen in Anerkennung f\u00fcr besondere Verdienste. <\/p>\n\n\n\n<figure class=\"wp-block-image size-medium\"><a href=\"http:\/\/www.gm-games.de\/BeidlNetV3\/wp-content\/uploads\/2024\/06\/24-06-01-Ehrenmitglied-Alois-mit-Vorstand-Martin-und-Alena105_1277-scaled.jpg\"><img loading=\"lazy\" decoding=\"async\" width=\"300\" height=\"200\" src=\"http:\/\/www.gm-games.de\/BeidlNetV3\/wp-content\/uploads\/2024\/06\/24-06-01-Ehrenmitglied-Alois-mit-Vorstand-Martin-und-Alena105_1277-300x200.jpg\" alt=\"\" class=\"wp-image-3908\" srcset=\"http:\/\/www.gm-games.de\/BeidlNetV3\/wp-content\/uploads\/2024\/06\/24-06-01-Ehrenmitglied-Alois-mit-Vorstand-Martin-und-Alena105_1277-300x200.jpg 300w, http:\/\/www.gm-games.de\/BeidlNetV3\/wp-content\/uploads\/2024\/06\/24-06-01-Ehrenmitglied-Alois-mit-Vorstand-Martin-und-Alena105_1277-1024x683.jpg 1024w, http:\/\/www.gm-games.de\/BeidlNetV3\/wp-content\/uploads\/2024\/06\/24-06-01-Ehrenmitglied-Alois-mit-Vorstand-Martin-und-Alena105_1277-768x512.jpg 768w, http:\/\/www.gm-games.de\/BeidlNetV3\/wp-content\/uploads\/2024\/06\/24-06-01-Ehrenmitglied-Alois-mit-Vorstand-Martin-und-Alena105_1277-1536x1024.jpg 1536w, http:\/\/www.gm-games.de\/BeidlNetV3\/wp-content\/uploads\/2024\/06\/24-06-01-Ehrenmitglied-Alois-mit-Vorstand-Martin-und-Alena105_1277-2048x1365.jpg 2048w, http:\/\/www.gm-games.de\/BeidlNetV3\/wp-content\/uploads\/2024\/06\/24-06-01-Ehrenmitglied-Alois-mit-Vorstand-Martin-und-Alena105_1277-421x281.jpg 421w\" sizes=\"auto, (max-width: 300px) 100vw, 300px\" \/><\/a><\/figure>\n\n\n\n<p>Der OWV-Beidl hat ein neues Ehrenmitglied &#8211; Alois Bauer &#8211; Ihm wurde diese Ehre f\u00fcr Besondere Verdienste und f\u00fcr 24 Jahre Arbeit in der Vorstandschaft verliehen.  <\/p>\n\n\n\n<figure class=\"wp-block-image size-medium\"><a href=\"http:\/\/www.gm-games.de\/BeidlNetV3\/wp-content\/uploads\/2024\/06\/24-06-01-Martin-mit-Klasu-Kahler-vom-HV-105_1257-scaled.jpg\"><img loading=\"lazy\" decoding=\"async\" width=\"300\" height=\"200\" src=\"http:\/\/www.gm-games.de\/BeidlNetV3\/wp-content\/uploads\/2024\/06\/24-06-01-Martin-mit-Klasu-Kahler-vom-HV-105_1257-300x200.jpg\" alt=\"\" class=\"wp-image-3915\" srcset=\"http:\/\/www.gm-games.de\/BeidlNetV3\/wp-content\/uploads\/2024\/06\/24-06-01-Martin-mit-Klasu-Kahler-vom-HV-105_1257-300x200.jpg 300w, http:\/\/www.gm-games.de\/BeidlNetV3\/wp-content\/uploads\/2024\/06\/24-06-01-Martin-mit-Klasu-Kahler-vom-HV-105_1257-1024x683.jpg 1024w, http:\/\/www.gm-games.de\/BeidlNetV3\/wp-content\/uploads\/2024\/06\/24-06-01-Martin-mit-Klasu-Kahler-vom-HV-105_1257-768x512.jpg 768w, http:\/\/www.gm-games.de\/BeidlNetV3\/wp-content\/uploads\/2024\/06\/24-06-01-Martin-mit-Klasu-Kahler-vom-HV-105_1257-1536x1024.jpg 1536w, http:\/\/www.gm-games.de\/BeidlNetV3\/wp-content\/uploads\/2024\/06\/24-06-01-Martin-mit-Klasu-Kahler-vom-HV-105_1257-2048x1365.jpg 2048w, http:\/\/www.gm-games.de\/BeidlNetV3\/wp-content\/uploads\/2024\/06\/24-06-01-Martin-mit-Klasu-Kahler-vom-HV-105_1257-421x281.jpg 421w\" sizes=\"auto, (max-width: 300px) 100vw, 300px\" \/><\/a><\/figure>\n\n\n\n<p>Stellvertretender Hauptvorsitzender Herr Klaus Kahler \u00fcberbrachte die Gl\u00fcckw\u00fcnsche des OWV-Hauptvereins und nahm gemeinsam mit den Vorsitzenden Martin K\u00f6nig und Alena Sch\u00f6n die Ehrungen vor. Zum Dank \u00fcberreichte Vorstand Martin ihm ein Biertragerl mit der Aufschrift &#8222;OWV-Beidl 50 Jahre.<\/p>\n\n\n\n<p>Der Oberpf\u00e4lzer Waldverein (OWV), Zweigverein Beidl, feiert am Samstag und Sonntag, 15. und 16. Juni, sein 50-j\u00e4hriges Gr\u00fcndungsfest. Eingeleitet wurden die Feierlichkeiten mit einem Ehrenabend im Kooperatorenhaus. Im Mittelpunkt stand die Ernennung von Alois Bauer zum Ehrenmitglied.<\/p>\n\n\n\n<p>Vorsitzender Martin K\u00f6nig erinnerte an die Entwicklung des 1974 gegr\u00fcndeten Vereins. &#8222;Ihr habt in den 50 Jahren bemerkenswerte Leistungen gebracht&#8220;, lobte Klaus Kahler vom Hauptverein Weiden. &#8222;Bei euch wird die Heimatverbundenheit noch gepflegt.&#8220; K\u00f6nig und Kahler nahmen laut Mitteilung gemeinsam die Ehrungen vor.<\/p>\n\n\n\n<p>F\u00fcr 10 Jahre Mitgliedschaft wurden geehrt: Gabi Gebert, Verena Zirwick, Maximilian Zirwick; 15 Jahre: Armin Kellermann, Franziska K\u00f6nig, Maximilian K\u00f6nig; 25 Jahre: Andreas Bauer, Thomas Dietz, Stefan Kulzer, Nadja Kulzer, Anna Lindner, David Sch\u00f6n, Christa Zeitler.<\/p>\n\n\n\n<p>40 Jahre: Johann Bauer jun., G\u00fcnter Bauer, Thomas Friedl, Anita Gmeiner, Herbert Gmeiner, Klaus Huber, Siegmund Kulzer, Maria Meier, Stefan Meier, Bernhard N\u00e4ger, Renate Preisinger, Michaela Riebl, Reinhard Sch\u00f6n, Susanne Schwarzer, Gerda Tri\u00dfl, Hildegard Wei\u00df, Konrad Wei\u00df, Karl Wild.<\/p>\n\n\n\n<p>50 Jahre: Alois Bauer, Josef Busl, Adalbert Busl, Rosemarie Busl-Schuller, Karl Dietz, Ferdinand Dietz, Harald F\u00e4hnrich, Egon Giehl, Karsten H\u00e4ring, Bernhard Kraus, Franz Kulzer, Hubert Kulzer, Anni Kunert, Hans Sch\u00f6n, Franziska Sch\u00f6n, Franz Tri\u00dfl, Siegmund Vollath, Erhard Wild, Josef Zahn, Leonhard Kellner, Johann Franz, Hermann Kost.<\/p>\n\n\n\n<p>F\u00fcr besondere Verdienste wurden noch Wolfgang J\u00e4ger (42 Jahre in der Vorstandschaft) und Alois Bauer (24 Jahre in der Vorstandschaft) ausgezeichnet. Alois Bauer wurde zudem zum Ehrenmitglied ernannt. Er ist nach Adalbert Busl, Franz Tri\u00dfl, Josef Zahn und dem k\u00fcrzlich verstorbenen Hermann Kulzer das f\u00fcnfte Ehrenmitglied des OWV Beidl.<\/p>\n","protected":false},"excerpt":{"rendered":"<p>Ehrungen f\u00fcr langj\u00e4hrige Mitgliedschaft 10, 25 und 40 Jahre. Ehrungen in Anerkennung f\u00fcr besondere Verdienste. Der OWV-Beidl hat ein neues Ehrenmitglied &#8211; Alois Bauer &#8211; &hellip;<\/p>\n","protected":false},"author":2,"featured_media":0,"comment_status":"closed","ping_status":"closed","sticky":false,"template":"","format":"standard","meta":{"ngg_post_thumbnail":0,"footnotes":""},"categories":[1,5],"tags":[],"class_list":["post-3902","post","type-post","status-publish","format-standard","hentry","category-allgemein","category-owv-beidl"],"_links":{"self":[{"href":"http:\/\/www.gm-games.de\/BeidlNetV3\/index.php?rest_route=\/wp\/v2\/posts\/3902","targetHints":{"allow":["GET"]}}],"collection":[{"href":"http:\/\/www.gm-games.de\/BeidlNetV3\/index.php?rest_route=\/wp\/v2\/posts"}],"about":[{"href":"http:\/\/www.gm-games.de\/BeidlNetV3\/index.php?rest_route=\/wp\/v2\/types\/post"}],"author":[{"embeddable":true,"href":"http:\/\/www.gm-games.de\/BeidlNetV3\/index.php?rest_route=\/wp\/v2\/users\/2"}],"replies":[{"embeddable":true,"href":"http:\/\/www.gm-games.de\/BeidlNetV3\/index.php?rest_route=%2Fwp%2Fv2%2Fcomments&post=3902"}],"version-history":[{"count":6,"href":"http:\/\/www.gm-games.de\/BeidlNetV3\/index.php?rest_route=\/wp\/v2\/posts\/3902\/revisions"}],"predecessor-version":[{"id":3922,"href":"http:\/\/www.gm-games.de\/BeidlNetV3\/index.php?rest_route=\/wp\/v2\/posts\/3902\/revisions\/3922"}],"wp:attachment":[{"href":"http:\/\/www.gm-games.de\/BeidlNetV3\/index.php?rest_route=%2Fwp%2Fv2%2Fmedia&parent=3902"}],"wp:term":[{"taxonomy":"category","embeddable":true,"href":"http:\/\/www.gm-games.de\/BeidlNetV3\/index.php?rest_route=%2Fwp%2Fv2%2Fcategories&post=3902"},{"taxonomy":"post_tag","embeddable":true,"href":"http:\/\/www.gm-games.de\/BeidlNetV3\/index.php?rest_route=%2Fwp%2Fv2%2Ftags&post=3902"}],"curies":[{"name":"wp","href":"https:\/\/api.w.org\/{rel}","templated":true}]}}